{"id":1317,"date":"2025-07-01T09:41:26","date_gmt":"2025-07-01T08:41:26","guid":{"rendered":"https:\/\/www.abstqr-giessen.de\/?p=1317"},"modified":"2025-07-01T09:41:26","modified_gmt":"2025-07-01T08:41:26","slug":"einladung-zum-plenum-am-17-7-2025-invitation-to-the-plenary-on-july-17th-2025","status":"publish","type":"post","link":"https:\/\/www.abstqr-giessen.de\/?p=1317","title":{"rendered":"Einladung zum Plenum am 17.7.2025\/ Invitation to the plenary on July 17th 2025"},"content":{"rendered":"\n<p>Hiermit laden wir euch ganz herzlich zu unserem n\u00e4chsten Plenum ein! Am 17.7. besprechen wir unter anderem Termine f\u00fcr die Semesterferien und bereiten die n\u00e4chste Vollversammlung mit Referenti-Wahl f\u00fcrs Wintersemester vor. Wenn ihr Lust habt im Referat mitzumachen, kommt vorbei! Wie immer treffen wir uns um 18 Uhr im <a href=\"https:\/\/www.abstqr-giessen.de\/?page_id=16\" data-type=\"page\" data-id=\"16\">Referatsraum<\/a>. <\/p>\n\n\n\n<p>You&#8217;re invited to our next plenary on July 17th! Among other things, we&#8217;ll plan events for summer break and prepare the next general assembly (election of our representatives or the winter term). If you&#8217;d like to participate, please drop by! As usual we meet t 6 p.m. in our <a href=\"https:\/\/www.abstqr-giessen.de\/?page_id=16\" data-type=\"page\" data-id=\"16\">room<\/a>.<\/p>\n\n\n\n<p><\/p>\n","protected":false},"excerpt":{"rendered":"<p>Hiermit laden wir euch ganz herzlich zu unserem n\u00e4chsten Plenum ein! Am 17.7. besprechen wir unter anderem Termine f\u00fcr die Semesterferien und bereiten die n\u00e4chste Vollversammlung mit Referenti-Wahl f\u00fcrs Wintersemester vor. Wenn ihr Lust habt im Referat mitzumachen, kommt vorbei! Wie immer treffen wir uns um 18 Uhr im Referatsraum. You&#8217;re invited to our next [&hellip;]<\/p>\n","protected":false},"author":6,"featured_media":0,"comment_status":"open","ping_status":"open","sticky":false,"template":"","format":"standard","meta":{"footnotes":""},"categories":[24,8],"tags":[],"class_list":["post-1317","post","type-post","status-publish","format-standard","hentry","category-plenum","category-veranstaltungen"],"_links":{"self":[{"href":"https:\/\/www.abstqr-giessen.de\/index.php?rest_route=\/wp\/v2\/posts\/1317","targetHints":{"allow":["GET"]}}],"collection":[{"href":"https:\/\/www.abstqr-giessen.de\/index.php?rest_route=\/wp\/v2\/posts"}],"about":[{"href":"https:\/\/www.abstqr-giessen.de\/index.php?rest_route=\/wp\/v2\/types\/post"}],"author":[{"embeddable":true,"href":"https:\/\/www.abstqr-giessen.de\/index.php?rest_route=\/wp\/v2\/users\/6"}],"replies":[{"embeddable":true,"href":"https:\/\/www.abstqr-giessen.de\/index.php?rest_route=%2Fwp%2Fv2%2Fcomments&post=1317"}],"version-history":[{"count":1,"href":"https:\/\/www.abstqr-giessen.de\/index.php?rest_route=\/wp\/v2\/posts\/1317\/revisions"}],"predecessor-version":[{"id":1318,"href":"https:\/\/www.abstqr-giessen.de\/index.php?rest_route=\/wp\/v2\/posts\/1317\/revisions\/1318"}],"wp:attachment":[{"href":"https:\/\/www.abstqr-giessen.de\/index.php?rest_route=%2Fwp%2Fv2%2Fmedia&parent=1317"}],"wp:term":[{"taxonomy":"category","embeddable":true,"href":"https:\/\/www.abstqr-giessen.de\/index.php?rest_route=%2Fwp%2Fv2%2Fcategories&post=1317"},{"taxonomy":"post_tag","embeddable":true,"href":"https:\/\/www.abstqr-giessen.de\/index.php?rest_route=%2Fwp%2Fv2%2Ftags&post=1317"}],"curies":[{"name":"wp","href":"https:\/\/api.w.org\/{rel}","templated":true}]}}