{"id":154,"date":"2011-08-08T19:27:21","date_gmt":"2011-08-08T17:27:21","guid":{"rendered":"http:\/\/schwulenreferat.blogsport.de\/2011\/08\/08\/08-08-2011-pressemitteilung-zu-spray-anschlag-auf-gartenhaus\/"},"modified":"2013-01-20T21:14:11","modified_gmt":"2013-01-20T20:14:11","slug":"08-08-2011-pressemitteilung-zu-spray-anschlag-auf-gartenhaus","status":"publish","type":"post","link":"https:\/\/www.abstqr-giessen.de\/?p=154","title":{"rendered":"08.08.2011 &#8211; Pressemitteilung zu Spray-Anschlag auf Gartenhaus"},"content":{"rendered":"<p>Am 03.08.2011 wurde am sogenannten Gartenhaus der Justus-Liebig-Universit\u00e4t Gie\u00dfen, in dem sich die R\u00e4ume des Autonomen queer-feministischen Frauenreferats und des Autonomen Schwulen-Trans*-Queer-Referats \u2013 beide im AStA der JLU \u2013 befinden, ein gespr\u00fchtes Hakenkreuz und die Zahl \u201e2083\u201c entdeckt.<\/p>\n<p>Es ist offensichtlich, dass es sich hierbei um eine homophobe und frauenfeindliche Tat handelt, da sich \u201e2083\u201c auf das \u201eManifest\u201c &#8222;2083. A European Declaration of Independence&#8220; (&#8222;2083. Eine europ\u00e4ische Unabh\u00e4ngigkeitserkl\u00e4rung&#8220;) bezieht. Dieses Manifest, welches Anders Breivik verfasste und ver\u00f6ffentlichte, kurz bevor er am 22. Juli 2011 in Oslo \u00fcber 70 Personen t\u00f6tete, ruft zu Mord an Lesben, Schwulen und Feminist_innen auf.<\/p>\n<p>Die beiden autonomen Referate, deren Aufgabe es ist, an der Universit\u00e4t und in der Stadt Gie\u00dfen  benachteiligten und oft diskriminierten Personen Stimme zu verleihen und so das Studium f\u00fcr Frauen, Lesben, Schwule, Trans*-Personen und Andere diskriminierungsfreier zu machen, haben sich mit der Aus\u00fcbung ihrer Aufgaben Ziel von Anfeindungen gemacht.<\/p>\n<p>Der Spr\u00fch-Anschlag soll wahrscheinlich dazu f\u00fchren die Referent_innen der beiden Referate einzusch\u00fcchtern und ihre Arbeit zu unterbinden. Die Schmierereien sprechen jedoch auch daf\u00fcr, dass die Arbeit des Frauenreferats und des Schwulenreferats wahrgenommen wird und dass Homophobie und Diskriminierung von Frauen und anderen Personengruppen heute noch ein aktuelles und nicht zu untersch\u00e4tzendes Thema auch im universit\u00e4ren Raum sind.<\/p>\n<p>Die Referent_innen der beiden Referate ziehen aus dem Angriff auf das Gartenhaus die Erkenntnis, dass sie sich in Zukunft noch selbstbewusster und sichtbarer in Gie\u00dfen und Umgebung f\u00fcr ein toleranteres Leben und Lieben einsetzen werden.<\/p>\n<p>Sofort nach dem Entdecken des Hakenkreuzes wurde versucht Anzeige gegen Unbekannt zu erstatten, was durch die Polizei erschwert wurde, die erst am n\u00e4chsten Tag kam, um sich ein Bild von den Schmierereien zu machen und die Anzeige aufzunehmen. F\u00fcr was die Zahl \u201e2083\u201c steht, mussten die Beamten sich allerdings von den AStA-Referent_innen erkl\u00e4ren lassen.<\/p>\n<p><a href=\"http:\/\/schwulenreferat.blogsport.de\/images\/IMG_6694.jpg\"><img decoding=\"async\" src=\"http:\/\/schwulenreferat.blogsport.de\/images\/IMG_6694.jpg\" width=\"400\" \/><\/a><br \/>\n<a href=\"http:\/\/schwulenreferat.blogsport.de\/images\/Hakenkreuz2083August2011Gartenhaus2.JPG\"><img decoding=\"async\" src=\"http:\/\/schwulenreferat.blogsport.de\/images\/Hakenkreuz2083August2011Gartenhaus2.JPG\" width=\"400\" \/><\/a><\/p>\n","protected":false},"excerpt":{"rendered":"<p>Am 03.08.2011 wurde am sogenannten Gartenhaus der Justus-Liebig-Universit\u00e4t Gie\u00dfen, in dem sich die R\u00e4ume des Autonomen queer-feministischen Frauenreferats und des Autonomen Schwulen-Trans*-Queer-Referats \u2013 beide im AStA der JLU \u2013 befinden, ein gespr\u00fchtes Hakenkreuz und die Zahl \u201e2083\u201c entdeckt. Es ist offensichtlich, dass es sich hierbei um eine homophobe und frauenfeindliche Tat handelt, da sich \u201e2083\u201c [&hellip;]<\/p>\n","protected":false},"author":2,"featured_media":0,"comment_status":"open","ping_status":"open","sticky":false,"template":"","format":"standard","meta":{"footnotes":""},"categories":[1,20],"tags":[],"class_list":["post-154","post","type-post","status-publish","format-standard","hentry","category-allgemein","category-pressemitteilungen"],"_links":{"self":[{"href":"https:\/\/www.abstqr-giessen.de\/index.php?rest_route=\/wp\/v2\/posts\/154","targetHints":{"allow":["GET"]}}],"collection":[{"href":"https:\/\/www.abstqr-giessen.de\/index.php?rest_route=\/wp\/v2\/posts"}],"about":[{"href":"https:\/\/www.abstqr-giessen.de\/index.php?rest_route=\/wp\/v2\/types\/post"}],"author":[{"embeddable":true,"href":"https:\/\/www.abstqr-giessen.de\/index.php?rest_route=\/wp\/v2\/users\/2"}],"replies":[{"embeddable":true,"href":"https:\/\/www.abstqr-giessen.de\/index.php?rest_route=%2Fwp%2Fv2%2Fcomments&post=154"}],"version-history":[{"count":1,"href":"https:\/\/www.abstqr-giessen.de\/index.php?rest_route=\/wp\/v2\/posts\/154\/revisions"}],"predecessor-version":[{"id":502,"href":"https:\/\/www.abstqr-giessen.de\/index.php?rest_route=\/wp\/v2\/posts\/154\/revisions\/502"}],"wp:attachment":[{"href":"https:\/\/www.abstqr-giessen.de\/index.php?rest_route=%2Fwp%2Fv2%2Fmedia&parent=154"}],"wp:term":[{"taxonomy":"category","embeddable":true,"href":"https:\/\/www.abstqr-giessen.de\/index.php?rest_route=%2Fwp%2Fv2%2Fcategories&post=154"},{"taxonomy":"post_tag","embeddable":true,"href":"https:\/\/www.abstqr-giessen.de\/index.php?rest_route=%2Fwp%2Fv2%2Ftags&post=154"}],"curies":[{"name":"wp","href":"https:\/\/api.w.org\/{rel}","templated":true}]}}