{"id":821,"date":"2014-01-26T13:42:06","date_gmt":"2014-01-26T12:42:06","guid":{"rendered":"http:\/\/www.schwulenreferat-gi.de\/?p=821"},"modified":"2014-01-26T13:42:06","modified_gmt":"2014-01-26T12:42:06","slug":"vorerst-keine-transtreffen-in-giessen","status":"publish","type":"post","link":"https:\/\/www.abstqr-giessen.de\/?p=821","title":{"rendered":"Vorerst keine Trans*Treffen in Gie\u00dfen"},"content":{"rendered":"<p>Hallo alle*,<\/p>\n<p>leider war das von uns angebotene Trans*Treffen in der letzter Zeit immer weniger gut von euch besucht. Vielleicht begr\u00fcndet sich dies in einem &#8222;Wintertief&#8220; ;) und in ein paar Monaten k\u00f6nnen wir an den Treffen ankn\u00fcpfen. Geplant ist, dass wir ab Mai 2014 wieder regelm\u00e4\u00dfige Treffen anbieten.<\/p>\n<p>Falls ihr W\u00fcnsche_Vorstellungen oder \u00e4hnliches bez\u00fcglich den Treffen habt, dann lasst es uns wissen. Gern k\u00f6nnen wir auch beispielsweise Themenabende oder sonstiges stattfinden lassen :)<\/p>\n<p>Dann hoffentlich bis Mai.<\/p>\n<p>Habt eine gute Zeit.<\/p>\n<p>&nbsp;<\/p>\n","protected":false},"excerpt":{"rendered":"<p>Hallo alle*, leider war das von uns angebotene Trans*Treffen in der letzter Zeit immer weniger gut von euch besucht. Vielleicht begr\u00fcndet sich dies in einem &#8222;Wintertief&#8220; ;) und in ein paar Monaten k\u00f6nnen wir an den Treffen ankn\u00fcpfen. Geplant ist, dass wir ab Mai 2014 wieder regelm\u00e4\u00dfige Treffen anbieten. Falls ihr W\u00fcnsche_Vorstellungen oder \u00e4hnliches bez\u00fcglich [&hellip;]<\/p>\n","protected":false},"author":2,"featured_media":0,"comment_status":"open","ping_status":"open","sticky":false,"template":"","format":"standard","meta":{"footnotes":""},"categories":[1,10],"tags":[],"class_list":["post-821","post","type-post","status-publish","format-standard","hentry","category-allgemein","category-trans-treffen"],"_links":{"self":[{"href":"https:\/\/www.abstqr-giessen.de\/index.php?rest_route=\/wp\/v2\/posts\/821","targetHints":{"allow":["GET"]}}],"collection":[{"href":"https:\/\/www.abstqr-giessen.de\/index.php?rest_route=\/wp\/v2\/posts"}],"about":[{"href":"https:\/\/www.abstqr-giessen.de\/index.php?rest_route=\/wp\/v2\/types\/post"}],"author":[{"embeddable":true,"href":"https:\/\/www.abstqr-giessen.de\/index.php?rest_route=\/wp\/v2\/users\/2"}],"replies":[{"embeddable":true,"href":"https:\/\/www.abstqr-giessen.de\/index.php?rest_route=%2Fwp%2Fv2%2Fcomments&post=821"}],"version-history":[{"count":2,"href":"https:\/\/www.abstqr-giessen.de\/index.php?rest_route=\/wp\/v2\/posts\/821\/revisions"}],"predecessor-version":[{"id":823,"href":"https:\/\/www.abstqr-giessen.de\/index.php?rest_route=\/wp\/v2\/posts\/821\/revisions\/823"}],"wp:attachment":[{"href":"https:\/\/www.abstqr-giessen.de\/index.php?rest_route=%2Fwp%2Fv2%2Fmedia&parent=821"}],"wp:term":[{"taxonomy":"category","embeddable":true,"href":"https:\/\/www.abstqr-giessen.de\/index.php?rest_route=%2Fwp%2Fv2%2Fcategories&post=821"},{"taxonomy":"post_tag","embeddable":true,"href":"https:\/\/www.abstqr-giessen.de\/index.php?rest_route=%2Fwp%2Fv2%2Ftags&post=821"}],"curies":[{"name":"wp","href":"https:\/\/api.w.org\/{rel}","templated":true}]}}